{"id":374,"__str__":"Projeto de Lei Complementar n\u00ba 91 de 2023","link_detail_backend":"/materia/374","metadata":{"signs":{"texto_original":{"admin":[],"autores":[["Luan Gustavo Frazatto",["2023-11-01T07:40:56-03:00","ICP-Brasil - Certificado PF A3"]]]}}},"numero":91,"ano":2023,"numero_protocolo":141,"data_apresentacao":"2023-11-01","tipo_apresentacao":"E","data_publicacao":null,"numero_origem_externa":"","ano_origem_externa":null,"data_origem_externa":null,"apelido":"","dias_prazo":null,"data_fim_prazo":null,"em_tramitacao":false,"polemica":true,"objeto":"","complementar":false,"ementa":"S\u00famula: Altera disposi\u00e7\u00f5es contidas nas Tabelas A, B, C e D do Anexo II \u2013 Estrutura de Cargos Efetivos \u2013 Grupo Ocupacional, fixando novo Piso Salarial dos servidores p\u00fablicos dos Grupos Ocupacionais, detentores dos padr\u00f5es funcionais, alterando o padr\u00e3o de vencimentos dos cargos de parte integrante da Lei Municipal n\u00b0 048/2017 de 05.09.2017 e d\u00e1 outras provid\u00eancias.","indexacao":"","observacao":"","resultado":"","texto_original":"http://sapl.santamonica.pr.leg.br/media/sapl/public/materialegislativa/2023/374/plc_091-2023_-_altera_disposicoes_contidas_nas_tabelas_a_b_c_e_d_do_anexo_ii__estrutura_de_cargos_efetivos__grupo_ocupacional_-_reestruturado_1.pdf","data_ultima_atualizacao":"2023-12-04T17:14:00.933959-03:00","ip":"177.72.156.64","ultima_edicao":"2023-11-23T14:04:17.263822-03:00","tipo":5,"regime_tramitacao":1,"tipo_origem_externa":null,"local_origem_externa":null,"user":7,"anexadas":[],"autores":[47]}