{"id":170,"__str__":"Projeto de Lei Complementar n\u00ba 8 de 2022","link_detail_backend":"/materia/170","metadata":{},"numero":8,"ano":2022,"numero_protocolo":14,"data_apresentacao":"2022-02-16","tipo_apresentacao":"E","data_publicacao":null,"numero_origem_externa":"","ano_origem_externa":null,"data_origem_externa":null,"apelido":"","dias_prazo":null,"data_fim_prazo":null,"em_tramitacao":true,"polemica":false,"objeto":"","complementar":false,"ementa":"Altera e acrescenta \u00e0 Lei Municipal n\u00ba 051/2019, de 16/06/2018, que \"Estipula pre\u00e7o  p\u00fablico pela presta\u00e7\u00e3o de servi\u00e7os p\u00fablicos, e d\u00e1 outras provid\u00eancia.","indexacao":"","observacao":"","resultado":"","texto_original":"http://sapl.santamonica.pr.leg.br/media/sapl/public/materialegislativa/2022/170/08._andamento_-_projeto_de_lei_008-2022_-_pl._define_o_valor_de_precos_publicos_e_tarifas_a_serem_cobrados_na_utilizacao_de_benss.pdf","data_ultima_atualizacao":"2022-03-09T11:59:42.745348-03:00","ip":"177.72.156.64","ultima_edicao":"2022-03-09T11:59:42.296677-03:00","tipo":5,"regime_tramitacao":1,"tipo_origem_externa":null,"local_origem_externa":null,"user":6,"anexadas":[],"autores":[47]}