{"id":7,"__str__":"Avulso - Convoca\u00e7\u00e3o Reuni\u00e3o Comiss\u00e3o Legisla\u00e7\u00e3o e Justi\u00e7a de 07/11/2023 por Vanildo Aparecido Albino","link_detail_backend":"/materia/documentoacessorio/7","metadata":{},"nome":"Convoca\u00e7\u00e3o Reuni\u00e3o Comiss\u00e3o Legisla\u00e7\u00e3o e Justi\u00e7a","data":"2023-11-07","autor":"Vanildo Aparecido Albino","ementa":"","indexacao":"","arquivo":"http://sapl.santamonica.pr.leg.br/media/sapl/public/documentoacessorio/2023/7/convocacao_0112023.pdf","data_ultima_atualizacao":"2023-11-07T08:49:49.580357-03:00","materia":374,"tipo":3}