{"id":14,"__str__":"Avulso - Of\u00edcio 062/2023 - Solicita\u00e7\u00e3o de Informa\u00e7\u00e3o de 09/11/2023 por Presidente Poder Legislativo","link_detail_backend":"/materia/documentoacessorio/14","metadata":{"signs":{"arquivo":{"admin":[],"autores":[["Sidnei Evaristo Ferreira",["2023-11-09T15:03:47-03:00","ICP-Brasil - Certificado PF A3"]]]}}},"nome":"Of\u00edcio 062/2023 - Solicita\u00e7\u00e3o de Informa\u00e7\u00e3o","data":"2023-11-09","autor":"Presidente Poder Legislativo","ementa":"Senhor Prefeito,\r\nCumprimentando-o cordialmente e, considerando o teor do Parecer Jur\u00eddico em\r\nanexo, vimos pelo presente solicitar-lhe que, no prazo de 15 (quinze) dias, seja-nos ofertado os\r\nesclarecimentos e/ou justificativas que o caso requer, considerando que a fundamenta\u00e7\u00e3o\r\njur\u00eddica alcan\u00e7a eventual inconstitucionalidade do Projeto de Lei Complementar em refer\u00eancia.\r\nConsiderando as s\u00e9rias acusa\u00e7\u00f5es contidas no expediente, sejam esclarecidos os\r\nfatos narrados inerentes \u00e0 vida funcional do Ilmo. Servidor Parecerista, em especial, com rela\u00e7\u00e3o\r\n\u00e0s persegui\u00e7\u00f5es pol\u00edtico-administrativas trazidas na manifesta\u00e7\u00e3o.\r\nPor fim, informamos","indexacao":"","arquivo":"http://sapl.santamonica.pr.leg.br/media/sapl/public/documentoacessorio/2023/14/oficio_62.2023__-_solicitacao_de_informacao_prefeito.pdf","data_ultima_atualizacao":"2023-12-05T09:43:25.620396-03:00","materia":374,"tipo":3}