{"id":11,"__str__":"Parecer - Comiss\u00e3o Administra\u00e7\u00e3o P\u00fablica de 10/11/2023 por Comiss\u00e3o Administra\u00e7\u00e3o Publica","link_detail_backend":"/materia/documentoacessorio/11","metadata":{},"nome":"Comiss\u00e3o Administra\u00e7\u00e3o P\u00fablica","data":"2023-11-10","autor":"Comiss\u00e3o Administra\u00e7\u00e3o Publica","ementa":"Reuni\u00e3o da Comiss\u00e3o Administra\u00e7\u00e3o P\u00fablica no dia 10 de Novembro 2023.","indexacao":"","arquivo":"http://sapl.santamonica.pr.leg.br/media/sapl/public/documentoacessorio/2023/11/parecer_comissao_adm_publica_pl_90_91.pdf","data_ultima_atualizacao":"2023-12-05T09:23:38.463464-03:00","materia":374,"tipo":1}